{"id":29858,"date":"2022-07-13T09:33:56","date_gmt":"2022-07-13T07:33:56","guid":{"rendered":"https:\/\/protecciondatos-lopd.com\/empresas\/?p=29858"},"modified":"2024-02-12T17:06:12","modified_gmt":"2024-02-12T16:06:12","slug":"aviso-legal-blog-personal","status":"publish","type":"post","link":"https:\/\/protecciondatos-lopd.com\/empresas\/aviso-legal-blog-personal\/","title":{"rendered":"\u00bfC\u00f3mo poner el aviso legal en mi blog personal?"},"content":{"rendered":"<p>Si tienes un blog personal, es posible que tengas dudas sobre si necesitas o no poner el aviso legal y c\u00f3mo hacerlo. En este art\u00edculo te explicamos c\u00f3mo poner el <strong>aviso legal del blog personal<\/strong> y cu\u00e1ndo necesita tu blog un aviso legal.<\/p>\n<div id=\"toc_container\" class=\"no_bullets\"><p class=\"toc_title\">Contenido del art&iacute;culo<\/p><ul class=\"toc_list\"><li><a href=\"#Necesita_un_blog_personal_tener_un_Aviso_Legal\">\u00bfNecesita un blog personal tener un Aviso Legal?<\/a><\/li><li><a href=\"#Contenido_del_aviso_legal_de_un_blog_personal\">Contenido del aviso legal de un blog personal<\/a><\/li><li><a href=\"#Como_poner_el_aviso_legal_en_mi_blog_personal\">\u00bfC\u00f3mo poner el aviso legal en mi blog personal?<\/a><\/li><li><a href=\"#Me_pueden_sancionar_si_mi_blog_personal_no_tiene_aviso_legal\">\u00bfMe pueden sancionar si mi blog personal no tiene aviso legal?<\/a><\/li><li><a href=\"#Te_ayudamos_a_cumplir_la_Ley_de_Proteccion_de_Datos\">Te ayudamos a cumplir la Ley de Protecci\u00f3n de Datos<\/a><\/li><\/ul><\/div>\n<h2><span id=\"Necesita_un_blog_personal_tener_un_Aviso_Legal\"><strong>\u00bfNecesita un blog personal tener un Aviso Legal?<\/strong><\/span><\/h2>\n<p>De acuerdo a la LSSI-CE (Ley de Servicios de la Sociedad de la Informaci\u00f3n y Comercio Electr\u00f3nico), el <strong>aviso legal para blog personal<\/strong> es necesario cuando:<\/p>\n<ul>\n<li><strong>Obtiene beneficios econ\u00f3micos directos:<\/strong> Es decir, usamos el blog para vender nuestros productos o servicios a trav\u00e9s de \u00e9l (de la misma forma que se debe poner el <a href=\"https:\/\/protecciondatos-lopd.com\/empresas\/aviso-legal-tienda-online\/\" target=\"_blank\" rel=\"noopener\">aviso legal en un ecommerce<\/a>).<\/li>\n<li><strong>Obtiene beneficios econ\u00f3micos indirectos:<\/strong> Por ejemplo, cuando tenemos alojado en nuestro blog personal publicidad, por la que recibimos un beneficio econ\u00f3mico, o nos dedicamos al marketing de afiliaci\u00f3n.<\/li>\n<li><strong>Recaba datos personales:<\/strong> Si en el blog personal tenemos activados los comentarios o un sistema de suscripci\u00f3n, mediante los que recabamos datos personales de los usuarios.<\/li>\n<\/ul>\n<p>Por lo tanto, incluso si blog no genera ingresos econ\u00f3micos de ning\u00fan tipo, en el momento en que se recabe alg\u00fan dato personal (y bastar\u00e1 con que sean las direcciones IP de tus visitantes), tendr\u00e1s que elaborar y poner el correspondiente <strong>aviso legal en el blog<\/strong>.<\/p>\n<p><a href=\"https:\/\/protecciondatos-lopd.com\/contacto\/?utm_source=blog&amp;utm_medium=banner&amp;utm_campaign=CLICK_BANNER&amp;utm_id=textos&amp;utm_term=textos_legales\"><img loading=\"lazy\" class=\"aligncenter size-full wp-image-35458\" src=\"https:\/\/protecciondatos-lopd.com\/empresas\/wp-content\/uploads\/2022\/05\/banner-textos-legales.jpg\" alt=\"textos legales proteccion datos\" width=\"850\" height=\"200\" srcset=\"https:\/\/protecciondatos-lopd.com\/empresas\/wp-content\/uploads\/2022\/05\/banner-textos-legales.jpg 850w, https:\/\/protecciondatos-lopd.com\/empresas\/wp-content\/uploads\/2022\/05\/banner-textos-legales-300x71.jpg 300w, https:\/\/protecciondatos-lopd.com\/empresas\/wp-content\/uploads\/2022\/05\/banner-textos-legales-768x181.jpg 768w, https:\/\/protecciondatos-lopd.com\/empresas\/wp-content\/uploads\/2022\/05\/banner-textos-legales-360x85.jpg 360w\" sizes=\"(max-width: 850px) 100vw, 850px\" \/><\/a><\/p>\n<h2><span id=\"Contenido_del_aviso_legal_de_un_blog_personal\"><strong>Contenido del aviso legal de un blog personal<\/strong><\/span><\/h2>\n<p>El contenido del <strong>aviso legal para el blog<\/strong> personal es pr\u00e1cticamente el mismo del aviso legal web para cualquier otra p\u00e1gina web, en concreto debe incluir:<\/p>\n<ul>\n<li>Nombre y apellidos.<\/li>\n<li>DNI.<\/li>\n<li>Domicilio.<\/li>\n<li>Direcci\u00f3n de correo electr\u00f3nico.<\/li>\n<li>Autorizaci\u00f3n administrativa (si procede y para ejercer tu actividad profesional requieres de una).<\/li>\n<li>Datos relativos al colegio profesional y n\u00famero de colegiado (si procede).<\/li>\n<li>Normas de uso del blog.<\/li>\n<li>Indicar la responsabilidad de los usuarios respecto a sus comentarios y que te reservas el derecho a borrarlos si son ofensivos, denigrantes o inadecuados.<\/li>\n<li>Propiedad intelectual.<\/li>\n<li>Condiciones de venta y\/o contrataci\u00f3n (si procede).<\/li>\n<li>Menci\u00f3n sobre la protecci\u00f3n de datos (no se trata de incorporar aqu\u00ed la <a href=\"https:\/\/protecciondatos-lopd.com\/empresas\/politica-de-privacidad-web\/\" target=\"_blank\" rel=\"noopener\">pol\u00edtica de privacidad<\/a> del blog, pero s\u00ed que debe mencionarse que este recaba datos personales para su tratamiento).<\/li>\n<\/ul>\n<p>Cabe se\u00f1alar que dependiendo del uso y finalidad de tu blog, no ser\u00e1 necesario incluir todos los elementos anteriores.<\/p>\n<h2><span id=\"Como_poner_el_aviso_legal_en_mi_blog_personal\"><strong>\u00bfC\u00f3mo poner el aviso legal en mi blog personal?<\/strong><\/span><\/h2>\n<p>El aviso legal se pone en el blog personal de la misma forma en que ponemos el resto de textos legales sobre <a href=\"https:\/\/protecciondatos-lopd.com\/empresas\/pagina-web\/\" target=\"_blank\" rel=\"noopener\">protecci\u00f3n de datos en una p\u00e1gina web<\/a>, creando su correspondiente p\u00e1gina y a\u00f1adiendo un enlace a ella que debe ser f\u00e1cilmente localizable y accesible desde cualquier secci\u00f3n del blog.<\/p>\n<p>Para los que tienen menos conocimientos sobre inform\u00e1tica, como ocurre con el <a href=\"https:\/\/protecciondatos-lopd.com\/empresas\/aviso-legal-newsletter\/\" target=\"_blank\" rel=\"noopener\">aviso legal para una newsletter<\/a> creada y enviada desde una plataforma de email marketing, las plataformas m\u00e1s usadas para crear y publicar blogs personales, permiten, de forma relativamente sencilla, crear una p\u00e1gina independiente para redactar en ella el aviso legal y despu\u00e9s, mediante un widget o un complemento (que ya pueden incluir), insertar el enlace en el footer del blog, quedando as\u00ed fijo en todas las secciones del mismo (tal y como exige la normativa).<\/p>\n<p>En este art\u00edculo sobre c\u00f3mo poner el <a href=\"https:\/\/protecciondatos-lopd.com\/empresas\/aviso-legal-wordpress\/\" target=\"_blank\" rel=\"noopener\">aviso legal en WordPress<\/a> os explicamos c\u00f3mo hacerlo en esta plataforma, una de las m\u00e1s usadas por los usuarios.<\/p>\n<h2><span id=\"Me_pueden_sancionar_si_mi_blog_personal_no_tiene_aviso_legal\"><strong>\u00bfMe pueden sancionar si mi blog personal no tiene aviso legal?<\/strong><\/span><\/h2>\n<p>Te pueden sancionar por no tener aviso legal en el blog personal, si este cumple con los requisitos que hemos visto m\u00e1s arriba, de la misma forma que se puede <a href=\"https:\/\/protecciondatos-lopd.com\/empresas\/denunciar-web-sin-aviso-legal\/\" target=\"_blank\" rel=\"noopener\">denunciar una web sin aviso legal<\/a>, cuando est\u00e1 obligada a tenerlo.<\/p>\n<p>En este caso, las infracciones son las que contempla la LSSI-CE y la cuant\u00eda de la sanci\u00f3n se decidir\u00e1 en funci\u00f3n de la gravedad de la sanci\u00f3n. Con car\u00e1cter general, la normativa establece es el siguiente r\u00e9gimen sancionador:<\/p>\n<ul>\n<li>Infracciones leves: hasta 30.000 euros de multa<\/li>\n<li>Infracciones graves: entre 30.001 y 150.000 euros<\/li>\n<li>Infracciones muy graves: entre 150.001 y 600.000 euros<\/li>\n<\/ul>\n<p>Por lo tanto, nuestro consejo es que, si tu blog personal cumple con los requisitos que obligan a tener un aviso legal en \u00e9l, lo redactes e incluyas sin m\u00e1s dilaci\u00f3n, de otra forma estar\u00e1s expuesto a posibles denuncias y sanciones.<\/p>\n<p>Si tienes dudas respecto al aviso legal o el resto de textos legales que puede necesitar tu blog personal, no dudes en ponerte en contacto con Atico34 y te ayudaremos a resolverlas.<\/p>\n<div role=\"form\" class=\"wpcf7\" id=\"wpcf7-f5444-o1\" lang=\"es-ES\" dir=\"ltr\">\n<div class=\"screen-reader-response\"><\/div>\n<form action=\"\/empresas\/wp-json\/wp\/v2\/posts\/29858#wpcf7-f5444-o1\" method=\"post\" class=\"wpcf7-form\" novalidate=\"novalidate\">\n<div style=\"display: none;\">\n<input type=\"hidden\" name=\"_wpcf7\" value=\"5444\" \/>\n<input type=\"hidden\" name=\"_wpcf7_version\" value=\"5.1.7\" \/>\n<input type=\"hidden\" name=\"_wpcf7_locale\" value=\"es_ES\" \/>\n<input type=\"hidden\" name=\"_wpcf7_unit_tag\" value=\"wpcf7-f5444-o1\" \/>\n<input type=\"hidden\" name=\"_wpcf7_container_post\" value=\"0\" \/>\n<input type=\"hidden\" name=\"g-recaptcha-response\" value=\"\" \/>\n<\/div>\n<div>\n<picture><img alt=\"partner form icon\" loading=\"lazy\" width=\"48\" height=\"48\"  src=\"https:\/\/protecciondatos-lopd.com\/empresas\/wp-content\/uploads\/2024\/12\/formicon-manos.svg\"><\/picture><\/div>\n<h2><span id=\"Te_ayudamos_a_cumplir_la_Ley_de_Proteccion_de_Datos\">Te ayudamos a cumplir la Ley de Protecci\u00f3n de Datos<\/span><\/h2>\n<p>Escr\u00edbenos o contacta con <a class=\"contactlink\" href=\"https:\/\/protecciondatos-lopd.com\/contacto\/?utm_source=blog&utm_medium=cta&utm_campaign=CLICK_CTA_HEADER\" target=\"_blank\" rel=\"noopener noreferrer\">nuestras oficinas<\/a><\/p>\n<div id=\"responsive-form\" class=\"clearfix\">\n<div class=\"form-row\">\n<div class=\"column-half\"><span class=\"wpcf7-form-control-wrap your-name\"><input type=\"text\" name=\"your-name\" value=\"\" size=\"40\" class=\"wpcf7-form-control wpcf7-text wpcf7-validates-as-required\" aria-required=\"true\" aria-invalid=\"false\" placeholder=\"Nombre*\" \/><\/span><\/div>\n<\/div>\n<div class=\"form-row\">\n<div class=\"column-half\"><span class=\"wpcf7-form-control-wrap your-tel\"><input type=\"tel\" name=\"your-tel\" value=\"\" size=\"40\" class=\"wpcf7-form-control wpcf7-text wpcf7-tel wpcf7-validates-as-required wpcf7-validates-as-tel\" aria-required=\"true\" aria-invalid=\"false\" placeholder=\"Tel\u00e9fono*\" \/><\/span><\/div>\n<div class=\"column-half\"><span class=\"wpcf7-form-control-wrap your-email\"><input type=\"email\" name=\"your-email\" value=\"\" size=\"40\" class=\"wpcf7-form-control wpcf7-text wpcf7-email wpcf7-validates-as-required wpcf7-validates-as-email\" aria-required=\"true\" aria-invalid=\"false\" placeholder=\"Email\" \/><\/span><\/div>\n<\/div>\n<div class=\"form-row\">\n<div class=\"column-half\"><span class=\"wpcf7-form-control-wrap your-message\"><textarea name=\"your-message\" cols=\"40\" rows=\"10\" class=\"wpcf7-form-control wpcf7-textarea\" aria-invalid=\"false\" placeholder=\"\u00bfEn qu\u00e9 podemos ayudarte?\"><\/textarea><\/span><\/div>\n<\/div>\n<\/div>\n<p>\n<span class=\"wpcf7-form-control-wrap acceptance-740\"><span class=\"wpcf7-form-control wpcf7-acceptance\"><span class=\"wpcf7-list-item\"><input type=\"checkbox\" name=\"acceptance-740\" value=\"1\" aria-invalid=\"false\" \/><\/span><\/span><\/span> He le\u00eddo y acepto la <a class=\"privacidadlink\"  target=\"_blank\"  rel=\"noopener noreferrer nofollow\" href=\"https:\/\/protecciondatos-lopd.com\/privacidad\/\">pol\u00edtica de privacidad<\/a>.\n<\/p>\n<p><input type=\"submit\" value=\"Solicitar informaci\u00f3n\" class=\"wpcf7-form-control wpcf7-submit\" \/><\/p>\n<p><script>\ndocument.addEventListener( 'wpcf7mailsent', function( event ) {\n    location = '\/empresas\/gracias\/?from=contacto';\n}, true );\n<\/script><\/p>\n<div class=\"wpcf7-response-output wpcf7-display-none\"><\/div><\/form><\/div>\n","protected":false},"excerpt":{"rendered":"<p>Si tienes un blog personal, es posible que tengas dudas sobre si necesitas o no poner el aviso legal y c\u00f3mo hacerlo&#8230;.<\/p>\n","protected":false},"author":4,"featured_media":29859,"comment_status":"closed","ping_status":"closed","sticky":false,"template":"","format":"standard","meta":[],"categories":[525,539],"tags":[],"yoast_head":"<!-- This site is optimized with the Yoast SEO plugin v16.7 - https:\/\/yoast.com\/wordpress\/plugins\/seo\/ -->\n<title>\u00bfC\u00f3mo poner el aviso legal en mi blog personal? | Grupo Atico34<\/title>\n<meta name=\"description\" content=\"\u00bfNecesita un blog personal tener el aviso legal? \u00bfC\u00f3mo poner el aviso legal en mi blog personal? \u00bfCu\u00e1l es el contenido del aviso legal? \u2705\" \/>\n<meta name=\"robots\" content=\"index, follow, max-snippet:-1, max-image-preview:large, max-video-preview:-1\" \/>\n<link rel=\"canonical\" href=\"https:\/\/protecciondatos-lopd.com\/empresas\/aviso-legal-blog-personal\/\" \/>\n<meta property=\"og:locale\" content=\"es_ES\" \/>\n<meta property=\"og:type\" content=\"article\" \/>\n<meta property=\"og:title\" content=\"\u00bfC\u00f3mo poner el aviso legal en mi blog personal? | Grupo Atico34\" \/>\n<meta property=\"og:description\" content=\"\u00bfNecesita un blog personal tener el aviso legal? \u00bfC\u00f3mo poner el aviso legal en mi blog personal? \u00bfCu\u00e1l es el contenido del aviso legal? \u2705\" \/>\n<meta property=\"og:url\" content=\"https:\/\/protecciondatos-lopd.com\/empresas\/aviso-legal-blog-personal\/\" \/>\n<meta property=\"og:site_name\" content=\"Grupo Atico34\" \/>\n<meta property=\"article:publisher\" content=\"https:\/\/www.facebook.com\/grupoatico34\/\" \/>\n<meta property=\"article:published_time\" content=\"2022-07-13T07:33:56+00:00\" \/>\n<meta property=\"article:modified_time\" content=\"2024-02-12T16:06:12+00:00\" \/>\n<meta property=\"og:image\" content=\"https:\/\/protecciondatos-lopd.com\/empresas\/wp-content\/uploads\/2022\/06\/aviso-legal-blog.jpg\" \/>\n\t<meta property=\"og:image:width\" content=\"1400\" \/>\n\t<meta property=\"og:image:height\" content=\"800\" \/>\n<meta name=\"twitter:card\" content=\"summary\" \/>\n<meta name=\"twitter:creator\" content=\"@grupoatico34\" \/>\n<meta name=\"twitter:site\" content=\"@grupoatico34\" \/>\n<meta name=\"twitter:label1\" content=\"Escrito por\" \/>\n\t<meta name=\"twitter:data1\" content=\"Grupo \u00c1tico34\" \/>\n\t<meta name=\"twitter:label2\" content=\"Tiempo de lectura\" \/>\n\t<meta name=\"twitter:data2\" content=\"4 minutos\" \/>\n<script type=\"application\/ld+json\" class=\"yoast-schema-graph\">{\"@context\":\"https:\/\/schema.org\",\"@graph\":[{\"@type\":\"Organization\",\"@id\":\"https:\/\/protecciondatos-lopd.com\/empresas\/#organization\",\"name\":\"\\u00c1tico34 Protecci\\u00f3n de datos para empresas y aut\\u00f3nomos\",\"url\":\"https:\/\/protecciondatos-lopd.com\/empresas\/\",\"sameAs\":[\"https:\/\/www.facebook.com\/grupoatico34\/\",\"https:\/\/twitter.com\/grupoatico34\"],\"logo\":{\"@type\":\"ImageObject\",\"@id\":\"https:\/\/protecciondatos-lopd.com\/empresas\/#logo\",\"inLanguage\":\"es\",\"url\":\"\",\"contentUrl\":\"\",\"caption\":\"\\u00c1tico34 Protecci\\u00f3n de datos para empresas y aut\\u00f3nomos\"},\"image\":{\"@id\":\"https:\/\/protecciondatos-lopd.com\/empresas\/#logo\"}},{\"@type\":\"WebSite\",\"@id\":\"https:\/\/protecciondatos-lopd.com\/empresas\/#website\",\"url\":\"https:\/\/protecciondatos-lopd.com\/empresas\/\",\"name\":\"Grupo Atico34\",\"description\":\"\",\"publisher\":{\"@id\":\"https:\/\/protecciondatos-lopd.com\/empresas\/#organization\"},\"potentialAction\":[{\"@type\":\"SearchAction\",\"target\":{\"@type\":\"EntryPoint\",\"urlTemplate\":\"https:\/\/protecciondatos-lopd.com\/empresas\/?s={search_term_string}\"},\"query-input\":\"required name=search_term_string\"}],\"inLanguage\":\"es\"},{\"@type\":\"ImageObject\",\"@id\":\"https:\/\/protecciondatos-lopd.com\/empresas\/aviso-legal-blog-personal\/#primaryimage\",\"inLanguage\":\"es\",\"url\":\"https:\/\/protecciondatos-lopd.com\/empresas\/wp-content\/uploads\/2022\/06\/aviso-legal-blog.jpg\",\"contentUrl\":\"https:\/\/protecciondatos-lopd.com\/empresas\/wp-content\/uploads\/2022\/06\/aviso-legal-blog.jpg\",\"width\":1400,\"height\":800,\"caption\":\"aviso legal blog\"},{\"@type\":\"WebPage\",\"@id\":\"https:\/\/protecciondatos-lopd.com\/empresas\/aviso-legal-blog-personal\/#webpage\",\"url\":\"https:\/\/protecciondatos-lopd.com\/empresas\/aviso-legal-blog-personal\/\",\"name\":\"\\u00bfC\\u00f3mo poner el aviso legal en mi blog personal? | Grupo Atico34\",\"isPartOf\":{\"@id\":\"https:\/\/protecciondatos-lopd.com\/empresas\/#website\"},\"primaryImageOfPage\":{\"@id\":\"https:\/\/protecciondatos-lopd.com\/empresas\/aviso-legal-blog-personal\/#primaryimage\"},\"datePublished\":\"2022-07-13T07:33:56+00:00\",\"dateModified\":\"2024-02-12T16:06:12+00:00\",\"description\":\"\\u00bfNecesita un blog personal tener el aviso legal? \\u00bfC\\u00f3mo poner el aviso legal en mi blog personal? \\u00bfCu\\u00e1l es el contenido del aviso legal? \\u2705\",\"breadcrumb\":{\"@id\":\"https:\/\/protecciondatos-lopd.com\/empresas\/aviso-legal-blog-personal\/#breadcrumb\"},\"inLanguage\":\"es\",\"potentialAction\":[{\"@type\":\"ReadAction\",\"target\":[\"https:\/\/protecciondatos-lopd.com\/empresas\/aviso-legal-blog-personal\/\"]}]},{\"@type\":\"BreadcrumbList\",\"@id\":\"https:\/\/protecciondatos-lopd.com\/empresas\/aviso-legal-blog-personal\/#breadcrumb\",\"itemListElement\":[{\"@type\":\"ListItem\",\"position\":1,\"name\":\"Portada\",\"item\":\"https:\/\/protecciondatos-lopd.com\/empresas\/\"},{\"@type\":\"ListItem\",\"position\":2,\"name\":\"\\u00bfC\\u00f3mo poner el aviso legal en mi blog personal?\"}]},{\"@type\":\"Article\",\"@id\":\"https:\/\/protecciondatos-lopd.com\/empresas\/aviso-legal-blog-personal\/#article\",\"isPartOf\":{\"@id\":\"https:\/\/protecciondatos-lopd.com\/empresas\/aviso-legal-blog-personal\/#webpage\"},\"author\":{\"@id\":\"https:\/\/protecciondatos-lopd.com\/empresas\/#\/schema\/person\/ab42be234ca55c97ea83d440bcd16c2d\"},\"headline\":\"\\u00bfC\\u00f3mo poner el aviso legal en mi blog personal?\",\"datePublished\":\"2022-07-13T07:33:56+00:00\",\"dateModified\":\"2024-02-12T16:06:12+00:00\",\"mainEntityOfPage\":{\"@id\":\"https:\/\/protecciondatos-lopd.com\/empresas\/aviso-legal-blog-personal\/#webpage\"},\"wordCount\":790,\"publisher\":{\"@id\":\"https:\/\/protecciondatos-lopd.com\/empresas\/#organization\"},\"image\":{\"@id\":\"https:\/\/protecciondatos-lopd.com\/empresas\/aviso-legal-blog-personal\/#primaryimage\"},\"thumbnailUrl\":\"https:\/\/protecciondatos-lopd.com\/empresas\/wp-content\/uploads\/2022\/06\/aviso-legal-blog.jpg\",\"articleSection\":[\"LOPDGDD &amp; RGPD\",\"P\\u00e1gina web\"],\"inLanguage\":\"es\"},{\"@type\":\"Person\",\"@id\":\"https:\/\/protecciondatos-lopd.com\/empresas\/#\/schema\/person\/ab42be234ca55c97ea83d440bcd16c2d\",\"name\":\"Grupo \\u00c1tico34\",\"url\":\"https:\/\/protecciondatos-lopd.com\/empresas\/author\/atico34\/\"}]}<\/script>\n<!-- \/ Yoast SEO plugin. -->","yoast_head_json":{"title":"\u00bfC\u00f3mo poner el aviso legal en mi blog personal? | Grupo Atico34","description":"\u00bfNecesita un blog personal tener el aviso legal? \u00bfC\u00f3mo poner el aviso legal en mi blog personal? \u00bfCu\u00e1l es el contenido del aviso legal? \u2705","robots":{"index":"index","follow":"follow","max-snippet":"max-snippet:-1","max-image-preview":"max-image-preview:large","max-video-preview":"max-video-preview:-1"},"canonical":"https:\/\/protecciondatos-lopd.com\/empresas\/aviso-legal-blog-personal\/","og_locale":"es_ES","og_type":"article","og_title":"\u00bfC\u00f3mo poner el aviso legal en mi blog personal? | Grupo Atico34","og_description":"\u00bfNecesita un blog personal tener el aviso legal? \u00bfC\u00f3mo poner el aviso legal en mi blog personal? \u00bfCu\u00e1l es el contenido del aviso legal? \u2705","og_url":"https:\/\/protecciondatos-lopd.com\/empresas\/aviso-legal-blog-personal\/","og_site_name":"Grupo Atico34","article_publisher":"https:\/\/www.facebook.com\/grupoatico34\/","article_published_time":"2022-07-13T07:33:56+00:00","article_modified_time":"2024-02-12T16:06:12+00:00","og_image":[{"width":1400,"height":800,"url":"https:\/\/protecciondatos-lopd.com\/empresas\/wp-content\/uploads\/2022\/06\/aviso-legal-blog.jpg","path":"\/home\/protecc1\/public_html\/empresas\/wp-content\/uploads\/2022\/06\/aviso-legal-blog.jpg","size":"full","id":29859,"alt":"aviso legal blog","pixels":1120000,"type":"image\/jpeg"}],"twitter_card":"summary","twitter_creator":"@grupoatico34","twitter_site":"@grupoatico34","twitter_misc":{"Escrito por":"Grupo \u00c1tico34","Tiempo de lectura":"4 minutos"},"schema":{"@context":"https:\/\/schema.org","@graph":[{"@type":"Organization","@id":"https:\/\/protecciondatos-lopd.com\/empresas\/#organization","name":"\u00c1tico34 Protecci\u00f3n de datos para empresas y aut\u00f3nomos","url":"https:\/\/protecciondatos-lopd.com\/empresas\/","sameAs":["https:\/\/www.facebook.com\/grupoatico34\/","https:\/\/twitter.com\/grupoatico34"],"logo":{"@type":"ImageObject","@id":"https:\/\/protecciondatos-lopd.com\/empresas\/#logo","inLanguage":"es","url":"","contentUrl":"","caption":"\u00c1tico34 Protecci\u00f3n de datos para empresas y aut\u00f3nomos"},"image":{"@id":"https:\/\/protecciondatos-lopd.com\/empresas\/#logo"}},{"@type":"WebSite","@id":"https:\/\/protecciondatos-lopd.com\/empresas\/#website","url":"https:\/\/protecciondatos-lopd.com\/empresas\/","name":"Grupo Atico34","description":"","publisher":{"@id":"https:\/\/protecciondatos-lopd.com\/empresas\/#organization"},"potentialAction":[{"@type":"SearchAction","target":{"@type":"EntryPoint","urlTemplate":"https:\/\/protecciondatos-lopd.com\/empresas\/?s={search_term_string}"},"query-input":"required name=search_term_string"}],"inLanguage":"es"},{"@type":"ImageObject","@id":"https:\/\/protecciondatos-lopd.com\/empresas\/aviso-legal-blog-personal\/#primaryimage","inLanguage":"es","url":"https:\/\/protecciondatos-lopd.com\/empresas\/wp-content\/uploads\/2022\/06\/aviso-legal-blog.jpg","contentUrl":"https:\/\/protecciondatos-lopd.com\/empresas\/wp-content\/uploads\/2022\/06\/aviso-legal-blog.jpg","width":1400,"height":800,"caption":"aviso legal blog"},{"@type":"WebPage","@id":"https:\/\/protecciondatos-lopd.com\/empresas\/aviso-legal-blog-personal\/#webpage","url":"https:\/\/protecciondatos-lopd.com\/empresas\/aviso-legal-blog-personal\/","name":"\u00bfC\u00f3mo poner el aviso legal en mi blog personal? | Grupo Atico34","isPartOf":{"@id":"https:\/\/protecciondatos-lopd.com\/empresas\/#website"},"primaryImageOfPage":{"@id":"https:\/\/protecciondatos-lopd.com\/empresas\/aviso-legal-blog-personal\/#primaryimage"},"datePublished":"2022-07-13T07:33:56+00:00","dateModified":"2024-02-12T16:06:12+00:00","description":"\u00bfNecesita un blog personal tener el aviso legal? \u00bfC\u00f3mo poner el aviso legal en mi blog personal? \u00bfCu\u00e1l es el contenido del aviso legal? \u2705","breadcrumb":{"@id":"https:\/\/protecciondatos-lopd.com\/empresas\/aviso-legal-blog-personal\/#breadcrumb"},"inLanguage":"es","potentialAction":[{"@type":"ReadAction","target":["https:\/\/protecciondatos-lopd.com\/empresas\/aviso-legal-blog-personal\/"]}]},{"@type":"BreadcrumbList","@id":"https:\/\/protecciondatos-lopd.com\/empresas\/aviso-legal-blog-personal\/#breadcrumb","itemListElement":[{"@type":"ListItem","position":1,"name":"Portada","item":"https:\/\/protecciondatos-lopd.com\/empresas\/"},{"@type":"ListItem","position":2,"name":"\u00bfC\u00f3mo poner el aviso legal en mi blog personal?"}]},{"@type":"Article","@id":"https:\/\/protecciondatos-lopd.com\/empresas\/aviso-legal-blog-personal\/#article","isPartOf":{"@id":"https:\/\/protecciondatos-lopd.com\/empresas\/aviso-legal-blog-personal\/#webpage"},"author":{"@id":"https:\/\/protecciondatos-lopd.com\/empresas\/#\/schema\/person\/ab42be234ca55c97ea83d440bcd16c2d"},"headline":"\u00bfC\u00f3mo poner el aviso legal en mi blog personal?","datePublished":"2022-07-13T07:33:56+00:00","dateModified":"2024-02-12T16:06:12+00:00","mainEntityOfPage":{"@id":"https:\/\/protecciondatos-lopd.com\/empresas\/aviso-legal-blog-personal\/#webpage"},"wordCount":790,"publisher":{"@id":"https:\/\/protecciondatos-lopd.com\/empresas\/#organization"},"image":{"@id":"https:\/\/protecciondatos-lopd.com\/empresas\/aviso-legal-blog-personal\/#primaryimage"},"thumbnailUrl":"https:\/\/protecciondatos-lopd.com\/empresas\/wp-content\/uploads\/2022\/06\/aviso-legal-blog.jpg","articleSection":["LOPDGDD &amp; RGPD","P\u00e1gina web"],"inLanguage":"es"},{"@type":"Person","@id":"https:\/\/protecciondatos-lopd.com\/empresas\/#\/schema\/person\/ab42be234ca55c97ea83d440bcd16c2d","name":"Grupo \u00c1tico34","url":"https:\/\/protecciondatos-lopd.com\/empresas\/author\/atico34\/"}]}},"_links":{"self":[{"href":"https:\/\/protecciondatos-lopd.com\/empresas\/wp-json\/wp\/v2\/posts\/29858"}],"collection":[{"href":"https:\/\/protecciondatos-lopd.com\/empresas\/wp-json\/wp\/v2\/posts"}],"about":[{"href":"https:\/\/protecciondatos-lopd.com\/empresas\/wp-json\/wp\/v2\/types\/post"}],"author":[{"embeddable":true,"href":"https:\/\/protecciondatos-lopd.com\/empresas\/wp-json\/wp\/v2\/users\/4"}],"replies":[{"embeddable":true,"href":"https:\/\/protecciondatos-lopd.com\/empresas\/wp-json\/wp\/v2\/comments?post=29858"}],"version-history":[{"count":4,"href":"https:\/\/protecciondatos-lopd.com\/empresas\/wp-json\/wp\/v2\/posts\/29858\/revisions"}],"predecessor-version":[{"id":41241,"href":"https:\/\/protecciondatos-lopd.com\/empresas\/wp-json\/wp\/v2\/posts\/29858\/revisions\/41241"}],"wp:featuredmedia":[{"embeddable":true,"href":"https:\/\/protecciondatos-lopd.com\/empresas\/wp-json\/wp\/v2\/media\/29859"}],"wp:attachment":[{"href":"https:\/\/protecciondatos-lopd.com\/empresas\/wp-json\/wp\/v2\/media?parent=29858"}],"wp:term":[{"taxonomy":"category","embeddable":true,"href":"https:\/\/protecciondatos-lopd.com\/empresas\/wp-json\/wp\/v2\/categories?post=29858"},{"taxonomy":"post_tag","embeddable":true,"href":"https:\/\/protecciondatos-lopd.com\/empresas\/wp-json\/wp\/v2\/tags?post=29858"}],"curies":[{"name":"wp","href":"https:\/\/api.w.org\/{rel}","templated":true}]}}